{"id":387,"date":"2020-04-23T20:35:47","date_gmt":"2020-04-23T20:35:47","guid":{"rendered":"https:\/\/tmklovers.com\/?p=387"},"modified":"2020-04-23T20:36:00","modified_gmt":"2020-04-23T20:36:00","slug":"dia-mundial-de-la-propiedad-intelectual-26-de-abril-2020","status":"publish","type":"post","link":"https:\/\/tmklovers.com\/en\/dia-mundial-de-la-propiedad-intelectual-26-de-abril-2020\/","title":{"rendered":"D\u00eda mundial de la propiedad intelectual-26 de abril 2020"},"content":{"rendered":"<h2 class=\"wp-block-heading\">Innovar para un futuro verde.<\/h2>\n\n\n\n<p>Cada a\u00f1o el 26 de Abril se celebra el d\u00eda internacional al de la propiedad intelectual. Y este a\u00f1o el tema est\u00e1 dedicado a <strong>&#8220;un futuro verde&#8221;<\/strong>  \u00bfPorqu\u00e9? Porque las decisiones que tomemos hoy determinar\u00e1n nuestro ma\u00f1ana.<\/p>\n\n\n\n<p>La Tierra es nuestro hogar y debemos cuidarla, por lo que forjar un camino hacia un futuro verde debe ser algo prioritario en estos momentos.<\/p>\n\n\n\n<p>Pero para lograrlo todos debemos poner nuestro granito de arena. Es posible crear un futuro verde, tenemos los conocimientos, el ingenio y la creatividad para idear nuevas formas y as\u00ed poder lograr un futuro con bajas emisiones de carbono. \u00a1Pero necesitamos tomar acci\u00f3n!<\/p>\n\n\n\n<p>Esta campa\u00f1a del d\u00eda internacional de la propiedad intelectual rinde homenaje a los inventores y creadores, hombres y mujeres que est\u00e1n en busca de alternativas m\u00e1s limpias y sustentables.<\/p>\n\n\n\n<p>Personas que usan la propiedad intelectual a su favor para reforzar su labor, aceptaci\u00f3n y utilizaci\u00f3n en la sociedad.<\/p>\n\n\n\n<p>As\u00ed podemos ver como el sistema de <strong>patentes<\/strong> fomenta esa innovaci\u00f3n, desarrollo y la difusi\u00f3n de tecnolog\u00edas ecol\u00f3gicas que nos permiten abordar la crisis clim\u00e1tica  y forjar un futuro verde; la manera en que el design thinking (el proceso consistente en pensar como dise\u00f1adores) y los derechos sobre los dise\u00f1os favorecen conjuntamente el uso \u00f3ptimo de recursos y permiten a los dise\u00f1adores invertir su tiempo y talento en la creaci\u00f3n de productos \u00fatiles, atractivos y ecol\u00f3gicos para el consumidor.<\/p>\n\n\n\n<p>Podemos ver como las <strong>marcas<\/strong> favorecen en el crecimiento de las empresas que tienen principios sustentables, y c\u00f3mo estas las ayudan a poder ofrecer una gama m\u00e1s amplia de productos y servicios respetuosos con el medio ambiente.<\/p>\n\n\n\n<p>Y as\u00ed mismo podemos ver c\u00f3mo los <strong>derechos de autor<\/strong> les permite a los creadores vivir de su trabajo.<\/p>\n\n\n\n<p>Y qu\u00e9 es gracias a la propiedad industrial es que podemos lograr construir un futuro verde.<\/p>\n\n\n\n<p>Porque la propiedad industrial apoya a las personas innovadoras y creadoras que hacen de nuestro mundo, un mundo mejor.<\/p>\n\n\n\n<p>Si t\u00fa eres una persona creativa o innovadora, debes proteger tus ideas. Ac\u00e9rcate a nosotros para que te apoyemos en tu emprendimiento. Puedes escribirnos a <strong><span class=\"has-inline-color has-vivid-cyan-blue-color\">contacto@trademarklovers.com<\/span><\/strong><\/p>","protected":false},"excerpt":{"rendered":"<p>Innovar para un futuro verde. Cada a\u00f1o el 26 de Abril se celebra el d\u00eda internacional al de la propiedad intelectual. Y este a\u00f1o el tema est\u00e1 dedicado a &#8220;un futuro verde&#8221; \u00bfPorqu\u00e9? Porque las decisiones que tomemos hoy determinar\u00e1n nuestro ma\u00f1ana. La Tierra es nuestro hogar y debemos cuidarla, por lo que forjar un &#8230; <a title=\"D\u00eda mundial de la propiedad intelectual-26 de abril 2020\" class=\"read-more\" href=\"https:\/\/tmklovers.com\/en\/dia-mundial-de-la-propiedad-intelectual-26-de-abril-2020\/\" aria-label=\"Read more about D\u00eda mundial de la propiedad intelectual-26 de abril 2020\">Read more<\/a><\/p>","protected":false},"author":3,"featured_media":388,"comment_status":"open","ping_status":"open","sticky":false,"template":"","format":"standard","meta":{"footnotes":""},"categories":[5],"tags":[],"class_list":["post-387","post","type-post","status-publish","format-standard","has-post-thumbnail","hentry","category-registrodemarcas"],"yoast_head":"<!-- This site is optimized with the Yoast SEO plugin v27.4 - https:\/\/yoast.com\/product\/yoast-seo-wordpress\/ -->\n<title>D\u00eda mundial de la propiedad intelectual-26 de abril 2020 - Apasionados por las marcas<\/title>\n<meta name=\"robots\" content=\"index, follow, max-snippet:-1, max-image-preview:large, max-video-preview:-1\" \/>\n<link rel=\"canonical\" href=\"https:\/\/tmklovers.com\/en\/dia-mundial-de-la-propiedad-intelectual-26-de-abril-2020\/\" \/>\n<meta property=\"og:locale\" content=\"en_US\" \/>\n<meta property=\"og:type\" content=\"article\" \/>\n<meta property=\"og:title\" content=\"D\u00eda mundial de la propiedad intelectual-26 de abril 2020 - Apasionados por las marcas\" \/>\n<meta property=\"og:description\" content=\"Innovar para un futuro verde. Cada a\u00f1o el 26 de Abril se celebra el d\u00eda internacional al de la propiedad intelectual. Y este a\u00f1o el tema est\u00e1 dedicado a &#8220;un futuro verde&#8221; \u00bfPorqu\u00e9? Porque las decisiones que tomemos hoy determinar\u00e1n nuestro ma\u00f1ana. La Tierra es nuestro hogar y debemos cuidarla, por lo que forjar un ... Read more\" \/>\n<meta property=\"og:url\" content=\"https:\/\/tmklovers.com\/en\/dia-mundial-de-la-propiedad-intelectual-26-de-abril-2020\/\" \/>\n<meta property=\"og:site_name\" content=\"Apasionados por las marcas\" \/>\n<meta property=\"article:published_time\" content=\"2020-04-23T20:35:47+00:00\" \/>\n<meta property=\"article:modified_time\" content=\"2020-04-23T20:36:00+00:00\" \/>\n<meta property=\"og:image\" content=\"https:\/\/tmklovers.com\/wp-content\/uploads\/2020\/04\/DIAINTPI.png\" \/>\n\t<meta property=\"og:image:width\" content=\"940\" \/>\n\t<meta property=\"og:image:height\" content=\"788\" \/>\n\t<meta property=\"og:image:type\" content=\"image\/png\" \/>\n<meta name=\"author\" content=\"tmklovers.com\" \/>\n<meta name=\"twitter:card\" content=\"summary_large_image\" \/>\n<meta name=\"twitter:label1\" content=\"Written by\" \/>\n\t<meta name=\"twitter:data1\" content=\"tmklovers.com\" \/>\n\t<meta name=\"twitter:label2\" content=\"Est. reading time\" \/>\n\t<meta name=\"twitter:data2\" content=\"2 minutes\" \/>\n<script type=\"application\/ld+json\" class=\"yoast-schema-graph\">{\"@context\":\"https:\\\/\\\/schema.org\",\"@graph\":[{\"@type\":\"Article\",\"@id\":\"https:\\\/\\\/tmklovers.com\\\/dia-mundial-de-la-propiedad-intelectual-26-de-abril-2020\\\/#article\",\"isPartOf\":{\"@id\":\"https:\\\/\\\/tmklovers.com\\\/dia-mundial-de-la-propiedad-intelectual-26-de-abril-2020\\\/\"},\"author\":{\"name\":\"tmklovers.com\",\"@id\":\"https:\\\/\\\/tmklovers.com\\\/#\\\/schema\\\/person\\\/35be1d3ee70aa1091e001d95d5762e96\"},\"headline\":\"D\u00eda mundial de la propiedad intelectual-26 de abril 2020\",\"datePublished\":\"2020-04-23T20:35:47+00:00\",\"dateModified\":\"2020-04-23T20:36:00+00:00\",\"mainEntityOfPage\":{\"@id\":\"https:\\\/\\\/tmklovers.com\\\/dia-mundial-de-la-propiedad-intelectual-26-de-abril-2020\\\/\"},\"wordCount\":390,\"commentCount\":0,\"publisher\":{\"@id\":\"https:\\\/\\\/tmklovers.com\\\/#organization\"},\"image\":{\"@id\":\"https:\\\/\\\/tmklovers.com\\\/dia-mundial-de-la-propiedad-intelectual-26-de-abril-2020\\\/#primaryimage\"},\"thumbnailUrl\":\"https:\\\/\\\/tmklovers.com\\\/wp-content\\\/uploads\\\/2020\\\/04\\\/DIAINTPI.png\",\"articleSection\":[\"Registro de Marcas\"],\"inLanguage\":\"en-US\",\"potentialAction\":[{\"@type\":\"CommentAction\",\"name\":\"Comment\",\"target\":[\"https:\\\/\\\/tmklovers.com\\\/dia-mundial-de-la-propiedad-intelectual-26-de-abril-2020\\\/#respond\"]}]},{\"@type\":\"WebPage\",\"@id\":\"https:\\\/\\\/tmklovers.com\\\/dia-mundial-de-la-propiedad-intelectual-26-de-abril-2020\\\/\",\"url\":\"https:\\\/\\\/tmklovers.com\\\/dia-mundial-de-la-propiedad-intelectual-26-de-abril-2020\\\/\",\"name\":\"D\u00eda mundial de la propiedad intelectual-26 de abril 2020 - Apasionados por las marcas\",\"isPartOf\":{\"@id\":\"https:\\\/\\\/tmklovers.com\\\/#website\"},\"primaryImageOfPage\":{\"@id\":\"https:\\\/\\\/tmklovers.com\\\/dia-mundial-de-la-propiedad-intelectual-26-de-abril-2020\\\/#primaryimage\"},\"image\":{\"@id\":\"https:\\\/\\\/tmklovers.com\\\/dia-mundial-de-la-propiedad-intelectual-26-de-abril-2020\\\/#primaryimage\"},\"thumbnailUrl\":\"https:\\\/\\\/tmklovers.com\\\/wp-content\\\/uploads\\\/2020\\\/04\\\/DIAINTPI.png\",\"datePublished\":\"2020-04-23T20:35:47+00:00\",\"dateModified\":\"2020-04-23T20:36:00+00:00\",\"breadcrumb\":{\"@id\":\"https:\\\/\\\/tmklovers.com\\\/dia-mundial-de-la-propiedad-intelectual-26-de-abril-2020\\\/#breadcrumb\"},\"inLanguage\":\"en-US\",\"potentialAction\":[{\"@type\":\"ReadAction\",\"target\":[\"https:\\\/\\\/tmklovers.com\\\/dia-mundial-de-la-propiedad-intelectual-26-de-abril-2020\\\/\"]}]},{\"@type\":\"ImageObject\",\"inLanguage\":\"en-US\",\"@id\":\"https:\\\/\\\/tmklovers.com\\\/dia-mundial-de-la-propiedad-intelectual-26-de-abril-2020\\\/#primaryimage\",\"url\":\"https:\\\/\\\/tmklovers.com\\\/wp-content\\\/uploads\\\/2020\\\/04\\\/DIAINTPI.png\",\"contentUrl\":\"https:\\\/\\\/tmklovers.com\\\/wp-content\\\/uploads\\\/2020\\\/04\\\/DIAINTPI.png\",\"width\":940,\"height\":788},{\"@type\":\"BreadcrumbList\",\"@id\":\"https:\\\/\\\/tmklovers.com\\\/dia-mundial-de-la-propiedad-intelectual-26-de-abril-2020\\\/#breadcrumb\",\"itemListElement\":[{\"@type\":\"ListItem\",\"position\":1,\"name\":\"Inicio\",\"item\":\"https:\\\/\\\/tmklovers.com\\\/\"},{\"@type\":\"ListItem\",\"position\":2,\"name\":\"D\u00eda mundial de la propiedad intelectual-26 de abril 2020\"}]},{\"@type\":\"WebSite\",\"@id\":\"https:\\\/\\\/tmklovers.com\\\/#website\",\"url\":\"https:\\\/\\\/tmklovers.com\\\/\",\"name\":\"Apasionados por las marcas\",\"description\":\"La forma correcta de registrar tu marca.\",\"publisher\":{\"@id\":\"https:\\\/\\\/tmklovers.com\\\/#organization\"},\"potentialAction\":[{\"@type\":\"SearchAction\",\"target\":{\"@type\":\"EntryPoint\",\"urlTemplate\":\"https:\\\/\\\/tmklovers.com\\\/?s={search_term_string}\"},\"query-input\":{\"@type\":\"PropertyValueSpecification\",\"valueRequired\":true,\"valueName\":\"search_term_string\"}}],\"inLanguage\":\"en-US\"},{\"@type\":\"Organization\",\"@id\":\"https:\\\/\\\/tmklovers.com\\\/#organization\",\"name\":\"Apasionados por las Marcas\",\"url\":\"https:\\\/\\\/tmklovers.com\\\/\",\"logo\":{\"@type\":\"ImageObject\",\"inLanguage\":\"en-US\",\"@id\":\"https:\\\/\\\/tmklovers.com\\\/#\\\/schema\\\/logo\\\/image\\\/\",\"url\":\"https:\\\/\\\/tmklovers.com\\\/wp-content\\\/uploads\\\/2021\\\/06\\\/favicon1.png\",\"contentUrl\":\"https:\\\/\\\/tmklovers.com\\\/wp-content\\\/uploads\\\/2021\\\/06\\\/favicon1.png\",\"width\":200,\"height\":200,\"caption\":\"Apasionados por las Marcas\"},\"image\":{\"@id\":\"https:\\\/\\\/tmklovers.com\\\/#\\\/schema\\\/logo\\\/image\\\/\"}},{\"@type\":\"Person\",\"@id\":\"https:\\\/\\\/tmklovers.com\\\/#\\\/schema\\\/person\\\/35be1d3ee70aa1091e001d95d5762e96\",\"name\":\"tmklovers.com\",\"image\":{\"@type\":\"ImageObject\",\"inLanguage\":\"en-US\",\"@id\":\"https:\\\/\\\/secure.gravatar.com\\\/avatar\\\/1aa0c690b46fe1d9d1b8343f15544c7fbcc178b389b36495019f9b1faa2dd4a9?s=96&d=mm&r=g\",\"url\":\"https:\\\/\\\/secure.gravatar.com\\\/avatar\\\/1aa0c690b46fe1d9d1b8343f15544c7fbcc178b389b36495019f9b1faa2dd4a9?s=96&d=mm&r=g\",\"contentUrl\":\"https:\\\/\\\/secure.gravatar.com\\\/avatar\\\/1aa0c690b46fe1d9d1b8343f15544c7fbcc178b389b36495019f9b1faa2dd4a9?s=96&d=mm&r=g\",\"caption\":\"tmklovers.com\"},\"url\":\"https:\\\/\\\/tmklovers.com\\\/en\\\/author\\\/tmklovers-com\\\/\"}]}<\/script>\n<!-- \/ Yoast SEO plugin. -->","yoast_head_json":{"title":"D\u00eda mundial de la propiedad intelectual-26 de abril 2020 - Apasionados por las marcas","robots":{"index":"index","follow":"follow","max-snippet":"max-snippet:-1","max-image-preview":"max-image-preview:large","max-video-preview":"max-video-preview:-1"},"canonical":"https:\/\/tmklovers.com\/en\/dia-mundial-de-la-propiedad-intelectual-26-de-abril-2020\/","og_locale":"en_US","og_type":"article","og_title":"D\u00eda mundial de la propiedad intelectual-26 de abril 2020 - Apasionados por las marcas","og_description":"Innovar para un futuro verde. Cada a\u00f1o el 26 de Abril se celebra el d\u00eda internacional al de la propiedad intelectual. Y este a\u00f1o el tema est\u00e1 dedicado a &#8220;un futuro verde&#8221; \u00bfPorqu\u00e9? Porque las decisiones que tomemos hoy determinar\u00e1n nuestro ma\u00f1ana. La Tierra es nuestro hogar y debemos cuidarla, por lo que forjar un ... Read more","og_url":"https:\/\/tmklovers.com\/en\/dia-mundial-de-la-propiedad-intelectual-26-de-abril-2020\/","og_site_name":"Apasionados por las marcas","article_published_time":"2020-04-23T20:35:47+00:00","article_modified_time":"2020-04-23T20:36:00+00:00","og_image":[{"width":940,"height":788,"url":"https:\/\/tmklovers.com\/wp-content\/uploads\/2020\/04\/DIAINTPI.png","type":"image\/png"}],"author":"tmklovers.com","twitter_card":"summary_large_image","twitter_misc":{"Written by":"tmklovers.com","Est. reading time":"2 minutes"},"schema":{"@context":"https:\/\/schema.org","@graph":[{"@type":"Article","@id":"https:\/\/tmklovers.com\/dia-mundial-de-la-propiedad-intelectual-26-de-abril-2020\/#article","isPartOf":{"@id":"https:\/\/tmklovers.com\/dia-mundial-de-la-propiedad-intelectual-26-de-abril-2020\/"},"author":{"name":"tmklovers.com","@id":"https:\/\/tmklovers.com\/#\/schema\/person\/35be1d3ee70aa1091e001d95d5762e96"},"headline":"D\u00eda mundial de la propiedad intelectual-26 de abril 2020","datePublished":"2020-04-23T20:35:47+00:00","dateModified":"2020-04-23T20:36:00+00:00","mainEntityOfPage":{"@id":"https:\/\/tmklovers.com\/dia-mundial-de-la-propiedad-intelectual-26-de-abril-2020\/"},"wordCount":390,"commentCount":0,"publisher":{"@id":"https:\/\/tmklovers.com\/#organization"},"image":{"@id":"https:\/\/tmklovers.com\/dia-mundial-de-la-propiedad-intelectual-26-de-abril-2020\/#primaryimage"},"thumbnailUrl":"https:\/\/tmklovers.com\/wp-content\/uploads\/2020\/04\/DIAINTPI.png","articleSection":["Registro de Marcas"],"inLanguage":"en-US","potentialAction":[{"@type":"CommentAction","name":"Comment","target":["https:\/\/tmklovers.com\/dia-mundial-de-la-propiedad-intelectual-26-de-abril-2020\/#respond"]}]},{"@type":"WebPage","@id":"https:\/\/tmklovers.com\/dia-mundial-de-la-propiedad-intelectual-26-de-abril-2020\/","url":"https:\/\/tmklovers.com\/dia-mundial-de-la-propiedad-intelectual-26-de-abril-2020\/","name":"D\u00eda mundial de la propiedad intelectual-26 de abril 2020 - Apasionados por las marcas","isPartOf":{"@id":"https:\/\/tmklovers.com\/#website"},"primaryImageOfPage":{"@id":"https:\/\/tmklovers.com\/dia-mundial-de-la-propiedad-intelectual-26-de-abril-2020\/#primaryimage"},"image":{"@id":"https:\/\/tmklovers.com\/dia-mundial-de-la-propiedad-intelectual-26-de-abril-2020\/#primaryimage"},"thumbnailUrl":"https:\/\/tmklovers.com\/wp-content\/uploads\/2020\/04\/DIAINTPI.png","datePublished":"2020-04-23T20:35:47+00:00","dateModified":"2020-04-23T20:36:00+00:00","breadcrumb":{"@id":"https:\/\/tmklovers.com\/dia-mundial-de-la-propiedad-intelectual-26-de-abril-2020\/#breadcrumb"},"inLanguage":"en-US","potentialAction":[{"@type":"ReadAction","target":["https:\/\/tmklovers.com\/dia-mundial-de-la-propiedad-intelectual-26-de-abril-2020\/"]}]},{"@type":"ImageObject","inLanguage":"en-US","@id":"https:\/\/tmklovers.com\/dia-mundial-de-la-propiedad-intelectual-26-de-abril-2020\/#primaryimage","url":"https:\/\/tmklovers.com\/wp-content\/uploads\/2020\/04\/DIAINTPI.png","contentUrl":"https:\/\/tmklovers.com\/wp-content\/uploads\/2020\/04\/DIAINTPI.png","width":940,"height":788},{"@type":"BreadcrumbList","@id":"https:\/\/tmklovers.com\/dia-mundial-de-la-propiedad-intelectual-26-de-abril-2020\/#breadcrumb","itemListElement":[{"@type":"ListItem","position":1,"name":"Inicio","item":"https:\/\/tmklovers.com\/"},{"@type":"ListItem","position":2,"name":"D\u00eda mundial de la propiedad intelectual-26 de abril 2020"}]},{"@type":"WebSite","@id":"https:\/\/tmklovers.com\/#website","url":"https:\/\/tmklovers.com\/","name":"Apasionados por las marcas","description":"La forma correcta de registrar tu marca.","publisher":{"@id":"https:\/\/tmklovers.com\/#organization"},"potentialAction":[{"@type":"SearchAction","target":{"@type":"EntryPoint","urlTemplate":"https:\/\/tmklovers.com\/?s={search_term_string}"},"query-input":{"@type":"PropertyValueSpecification","valueRequired":true,"valueName":"search_term_string"}}],"inLanguage":"en-US"},{"@type":"Organization","@id":"https:\/\/tmklovers.com\/#organization","name":"Apasionados por las Marcas","url":"https:\/\/tmklovers.com\/","logo":{"@type":"ImageObject","inLanguage":"en-US","@id":"https:\/\/tmklovers.com\/#\/schema\/logo\/image\/","url":"https:\/\/tmklovers.com\/wp-content\/uploads\/2021\/06\/favicon1.png","contentUrl":"https:\/\/tmklovers.com\/wp-content\/uploads\/2021\/06\/favicon1.png","width":200,"height":200,"caption":"Apasionados por las Marcas"},"image":{"@id":"https:\/\/tmklovers.com\/#\/schema\/logo\/image\/"}},{"@type":"Person","@id":"https:\/\/tmklovers.com\/#\/schema\/person\/35be1d3ee70aa1091e001d95d5762e96","name":"tmklovers.com","image":{"@type":"ImageObject","inLanguage":"en-US","@id":"https:\/\/secure.gravatar.com\/avatar\/1aa0c690b46fe1d9d1b8343f15544c7fbcc178b389b36495019f9b1faa2dd4a9?s=96&d=mm&r=g","url":"https:\/\/secure.gravatar.com\/avatar\/1aa0c690b46fe1d9d1b8343f15544c7fbcc178b389b36495019f9b1faa2dd4a9?s=96&d=mm&r=g","contentUrl":"https:\/\/secure.gravatar.com\/avatar\/1aa0c690b46fe1d9d1b8343f15544c7fbcc178b389b36495019f9b1faa2dd4a9?s=96&d=mm&r=g","caption":"tmklovers.com"},"url":"https:\/\/tmklovers.com\/en\/author\/tmklovers-com\/"}]}},"_links":{"self":[{"href":"https:\/\/tmklovers.com\/en\/wp-json\/wp\/v2\/posts\/387","targetHints":{"allow":["GET"]}}],"collection":[{"href":"https:\/\/tmklovers.com\/en\/wp-json\/wp\/v2\/posts"}],"about":[{"href":"https:\/\/tmklovers.com\/en\/wp-json\/wp\/v2\/types\/post"}],"author":[{"embeddable":true,"href":"https:\/\/tmklovers.com\/en\/wp-json\/wp\/v2\/users\/3"}],"replies":[{"embeddable":true,"href":"https:\/\/tmklovers.com\/en\/wp-json\/wp\/v2\/comments?post=387"}],"version-history":[{"count":1,"href":"https:\/\/tmklovers.com\/en\/wp-json\/wp\/v2\/posts\/387\/revisions"}],"predecessor-version":[{"id":389,"href":"https:\/\/tmklovers.com\/en\/wp-json\/wp\/v2\/posts\/387\/revisions\/389"}],"wp:featuredmedia":[{"embeddable":true,"href":"https:\/\/tmklovers.com\/en\/wp-json\/wp\/v2\/media\/388"}],"wp:attachment":[{"href":"https:\/\/tmklovers.com\/en\/wp-json\/wp\/v2\/media?parent=387"}],"wp:term":[{"taxonomy":"category","embeddable":true,"href":"https:\/\/tmklovers.com\/en\/wp-json\/wp\/v2\/categories?post=387"},{"taxonomy":"post_tag","embeddable":true,"href":"https:\/\/tmklovers.com\/en\/wp-json\/wp\/v2\/tags?post=387"}],"curies":[{"name":"wp","href":"https:\/\/api.w.org\/{rel}","templated":true}]}}